{"id":28539,"date":"2024-01-24T16:55:00","date_gmt":"2024-01-24T15:55:00","guid":{"rendered":"https:\/\/lifestockprotect.info\/?p=28539"},"modified":"2024-04-25T16:58:00","modified_gmt":"2024-04-25T14:58:00","slug":"international-green-week-19-28-1-2024-a-berlino-incoraggiare-la-citta-e-il-paese-a-proteggere-il-bestiame","status":"publish","type":"post","link":"https:\/\/lifestockprotect.info\/it\/international-green-week-19-28-1-2024-a-berlino-incoraggiare-la-citta-e-il-paese-a-proteggere-il-bestiame\/","title":{"rendered":"International Green Week 19. \u2013 28.1.2024 a Berlino: Incoraggiare la citt\u00e0 e il paese a proteggere il bestiame"},"content":{"rendered":"\n<p>Da quasi cento anni, la Settimana Verde Internazionale di Berlino \u00e8 una delle pi\u00f9 grandi e importanti fiere del settore alimentare, agricolo e orticolo. Non si tratta solo di un luogo di incontro per i professionisti dell&#8217;industria agricola e alimentare, ma anche di un&#8217;opportunit\u00e0 per i consumatori di informarsi sulle ultime tendenze dell&#8217;industria alimentare. La fiera offre quindi un&#8217;opportunit\u00e0 unica per avere una visione completa della moderna pratica agricola e delle sue sfide.<\/p>\n\n<p>Condizioni ideali per presentare il tema della protezione del bestiame a un vasto pubblico e scambiare idee con un gran numero di rappresentanti del settore. Chiunque sia interessato alla protezione del bestiame ha l&#8217;opportunit\u00e0 di conoscere dal vivo i nostri esperti di protezione del bestiame durante le conferenze e le visite guidate. Quest&#8217;anno ci concentriamo in particolare sui compiti e sulle prestazioni dei cani da protezione del bestiame. Ogni giorno, durante le esposizioni degli animali nel padiglione 27, gli spettatori possono farsi un&#8217;idea delle loro capacit\u00e0 e imparare a gestirli.<\/p>\n\n<p>Presso il nostro stand nel padiglione 27, stand 205, saremo a disposizione per rispondere alle domande sulla protezione del bestiame per tutta la durata della fiera. Offriamo informazioni sul lavoro quotidiano dei pastori e degli allevatori e sulle sfide della protezione del bestiame nella vita quotidiana. Presso il nostro stand troverete anche dei materiali e delle recinzioni utilizzate per la protezione del bestiame.<\/p>\n\n<p>Venite, parlate con i nostri esperti di protezione del bestiame e ottenete informazioni complete. Saremo lieti di rispondere a tutte le vostre domande.<\/p>\n","protected":false},"excerpt":{"rendered":"<p>Da quasi cento anni, la Settimana Verde Internazionale di Berlino \u00e8 una delle pi\u00f9 grandi e importanti fiere del settore alimentare, agricolo e orticolo.<\/p>\n","protected":false},"author":1,"featured_media":31336,"comment_status":"open","ping_status":"open","sticky":false,"template":"","format":"standard","meta":{"_uag_custom_page_level_css":"","ghostkit_customizer_options":"","ghostkit_custom_css":"","ghostkit_custom_js_head":"","ghostkit_custom_js_foot":"","ghostkit_typography":"","episode_type":"","audio_file":"","podmotor_file_id":"","podmotor_episode_id":"","cover_image":"","cover_image_id":"","duration":"","filesize":"","filesize_raw":"","date_recorded":"","explicit":"","block":"","itunes_episode_number":"","itunes_title":"","itunes_season_number":"","itunes_episode_type":"","jetpack_post_was_ever_published":false,"_jetpack_newsletter_access":"","_jetpack_dont_email_post_to_subs":false,"_jetpack_newsletter_tier_id":0,"_jetpack_memberships_contains_paywalled_content":false,"_jetpack_memberships_contains_paid_content":false,"footnotes":"","jetpack_publicize_message":"","jetpack_publicize_feature_enabled":true,"jetpack_social_post_already_shared":true,"jetpack_social_options":{"image_generator_settings":{"template":"highway","default_image_id":0,"font":"","enabled":false},"version":2}},"categories":[614],"tags":[646],"class_list":["post-28539","post","type-post","status-publish","format-standard","has-post-thumbnail","hentry","category-aggiornamento-del-progetto","tag-protezione-del-bestiame"],"yoast_head":"<!-- This site is optimized with the Yoast SEO Premium plugin v27.4 (Yoast SEO v27.4) - https:\/\/yoast.com\/product\/yoast-seo-premium-wordpress\/ -->\n<title>International Green Week 19. \u2013 28.1.2024 a Berlino: Incoraggiare la citt\u00e0 e il paese a proteggere il bestiame - LIFEstockProtect: Herdenschutz \u00d6sterreich, Bayern und S\u00fcdtirol<\/title>\n<meta name=\"robots\" content=\"index, follow, max-snippet:-1, max-image-preview:large, max-video-preview:-1\" \/>\n<link rel=\"canonical\" href=\"https:\/\/lifestockprotect.info\/it\/international-green-week-19-28-1-2024-a-berlino-incoraggiare-la-citta-e-il-paese-a-proteggere-il-bestiame\/\" \/>\n<meta property=\"og:locale\" content=\"it_IT\" \/>\n<meta property=\"og:type\" content=\"article\" \/>\n<meta property=\"og:title\" content=\"International Green Week 19. \u2013 28.1.2024 a Berlino: Incoraggiare la citt\u00e0 e il paese a proteggere il bestiame\" \/>\n<meta property=\"og:description\" content=\"Da quasi cento anni, la Settimana Verde Internazionale di Berlino \u00e8 una delle pi\u00f9 grandi e importanti fiere del settore alimentare, agricolo e orticolo.\" \/>\n<meta property=\"og:url\" content=\"https:\/\/lifestockprotect.info\/it\/international-green-week-19-28-1-2024-a-berlino-incoraggiare-la-citta-e-il-paese-a-proteggere-il-bestiame\/\" \/>\n<meta property=\"og:site_name\" content=\"LIFEstockProtect: Herdenschutz \u00d6sterreich, Bayern und S\u00fcdtirol\" \/>\n<meta property=\"article:publisher\" content=\"https:\/\/www.facebook.com\/LIFEstockProtect\/\" \/>\n<meta property=\"article:published_time\" content=\"2024-01-24T15:55:00+00:00\" \/>\n<meta property=\"article:modified_time\" content=\"2024-04-25T14:58:00+00:00\" \/>\n<meta property=\"og:image\" content=\"https:\/\/lifestockprotect.info\/wp-content\/uploads\/2024\/01\/WhatsApp-Image-2024-01-24-at-07.27.07.jpeg\" \/>\n\t<meta property=\"og:image:width\" content=\"1600\" \/>\n\t<meta property=\"og:image:height\" content=\"1200\" \/>\n\t<meta property=\"og:image:type\" content=\"image\/jpeg\" \/>\n<meta name=\"author\" content=\"Max Rossberg\" \/>\n<meta name=\"twitter:card\" content=\"summary_large_image\" \/>\n<meta name=\"twitter:creator\" content=\"@LIFEstockPro\" \/>\n<meta name=\"twitter:site\" content=\"@LIFEstockPro\" \/>\n<meta name=\"twitter:label1\" content=\"Scritto da\" \/>\n\t<meta name=\"twitter:data1\" content=\"Max Rossberg\" \/>\n\t<meta name=\"twitter:label2\" content=\"Tempo di lettura stimato\" \/>\n\t<meta name=\"twitter:data2\" content=\"2 minuti\" \/>\n<script type=\"application\/ld+json\" class=\"yoast-schema-graph\">{\"@context\":\"https:\\\/\\\/schema.org\",\"@graph\":[{\"@type\":\"Article\",\"@id\":\"https:\\\/\\\/lifestockprotect.info\\\/it\\\/international-green-week-19-28-1-2024-a-berlino-incoraggiare-la-citta-e-il-paese-a-proteggere-il-bestiame\\\/#article\",\"isPartOf\":{\"@id\":\"https:\\\/\\\/lifestockprotect.info\\\/it\\\/international-green-week-19-28-1-2024-a-berlino-incoraggiare-la-citta-e-il-paese-a-proteggere-il-bestiame\\\/\"},\"author\":{\"name\":\"Max Rossberg\",\"@id\":\"https:\\\/\\\/lifestockprotect.info\\\/it\\\/#\\\/schema\\\/person\\\/bbbc7996f50e49c3e42324ec72aa6fc3\"},\"headline\":\"International Green Week 19. \u2013 28.1.2024 a Berlino: Incoraggiare la citt\u00e0 e il paese a proteggere il bestiame\",\"datePublished\":\"2024-01-24T15:55:00+00:00\",\"dateModified\":\"2024-04-25T14:58:00+00:00\",\"mainEntityOfPage\":{\"@id\":\"https:\\\/\\\/lifestockprotect.info\\\/it\\\/international-green-week-19-28-1-2024-a-berlino-incoraggiare-la-citta-e-il-paese-a-proteggere-il-bestiame\\\/\"},\"wordCount\":267,\"commentCount\":0,\"publisher\":{\"@id\":\"https:\\\/\\\/lifestockprotect.info\\\/it\\\/#organization\"},\"image\":{\"@id\":\"https:\\\/\\\/lifestockprotect.info\\\/it\\\/international-green-week-19-28-1-2024-a-berlino-incoraggiare-la-citta-e-il-paese-a-proteggere-il-bestiame\\\/#primaryimage\"},\"thumbnailUrl\":\"https:\\\/\\\/lifestockprotect.info\\\/wp-content\\\/uploads\\\/2024\\\/01\\\/WhatsApp-Image-2024-01-24-at-07.27.07.jpeg\",\"keywords\":[\"Protezione del bestiame\"],\"articleSection\":[\"Aggiornamento del progetto\"],\"inLanguage\":\"it-IT\",\"potentialAction\":[{\"@type\":\"CommentAction\",\"name\":\"Comment\",\"target\":[\"https:\\\/\\\/lifestockprotect.info\\\/it\\\/international-green-week-19-28-1-2024-a-berlino-incoraggiare-la-citta-e-il-paese-a-proteggere-il-bestiame\\\/#respond\"]}]},{\"@type\":\"WebPage\",\"@id\":\"https:\\\/\\\/lifestockprotect.info\\\/it\\\/international-green-week-19-28-1-2024-a-berlino-incoraggiare-la-citta-e-il-paese-a-proteggere-il-bestiame\\\/\",\"url\":\"https:\\\/\\\/lifestockprotect.info\\\/it\\\/international-green-week-19-28-1-2024-a-berlino-incoraggiare-la-citta-e-il-paese-a-proteggere-il-bestiame\\\/\",\"name\":\"International Green Week 19. \u2013 28.1.2024 a Berlino: Incoraggiare la citt\u00e0 e il paese a proteggere il bestiame - LIFEstockProtect: Herdenschutz \u00d6sterreich, Bayern und S\u00fcdtirol\",\"isPartOf\":{\"@id\":\"https:\\\/\\\/lifestockprotect.info\\\/it\\\/#website\"},\"primaryImageOfPage\":{\"@id\":\"https:\\\/\\\/lifestockprotect.info\\\/it\\\/international-green-week-19-28-1-2024-a-berlino-incoraggiare-la-citta-e-il-paese-a-proteggere-il-bestiame\\\/#primaryimage\"},\"image\":{\"@id\":\"https:\\\/\\\/lifestockprotect.info\\\/it\\\/international-green-week-19-28-1-2024-a-berlino-incoraggiare-la-citta-e-il-paese-a-proteggere-il-bestiame\\\/#primaryimage\"},\"thumbnailUrl\":\"https:\\\/\\\/lifestockprotect.info\\\/wp-content\\\/uploads\\\/2024\\\/01\\\/WhatsApp-Image-2024-01-24-at-07.27.07.jpeg\",\"datePublished\":\"2024-01-24T15:55:00+00:00\",\"dateModified\":\"2024-04-25T14:58:00+00:00\",\"breadcrumb\":{\"@id\":\"https:\\\/\\\/lifestockprotect.info\\\/it\\\/international-green-week-19-28-1-2024-a-berlino-incoraggiare-la-citta-e-il-paese-a-proteggere-il-bestiame\\\/#breadcrumb\"},\"inLanguage\":\"it-IT\",\"potentialAction\":[{\"@type\":\"ReadAction\",\"target\":[\"https:\\\/\\\/lifestockprotect.info\\\/it\\\/international-green-week-19-28-1-2024-a-berlino-incoraggiare-la-citta-e-il-paese-a-proteggere-il-bestiame\\\/\"]}]},{\"@type\":\"ImageObject\",\"inLanguage\":\"it-IT\",\"@id\":\"https:\\\/\\\/lifestockprotect.info\\\/it\\\/international-green-week-19-28-1-2024-a-berlino-incoraggiare-la-citta-e-il-paese-a-proteggere-il-bestiame\\\/#primaryimage\",\"url\":\"https:\\\/\\\/lifestockprotect.info\\\/wp-content\\\/uploads\\\/2024\\\/01\\\/WhatsApp-Image-2024-01-24-at-07.27.07.jpeg\",\"contentUrl\":\"https:\\\/\\\/lifestockprotect.info\\\/wp-content\\\/uploads\\\/2024\\\/01\\\/WhatsApp-Image-2024-01-24-at-07.27.07.jpeg\",\"width\":1600,\"height\":1200},{\"@type\":\"BreadcrumbList\",\"@id\":\"https:\\\/\\\/lifestockprotect.info\\\/it\\\/international-green-week-19-28-1-2024-a-berlino-incoraggiare-la-citta-e-il-paese-a-proteggere-il-bestiame\\\/#breadcrumb\",\"itemListElement\":[{\"@type\":\"ListItem\",\"position\":1,\"name\":\"Home\",\"item\":\"https:\\\/\\\/lifestockprotect.info\\\/it\\\/\"},{\"@type\":\"ListItem\",\"position\":2,\"name\":\"International Green Week 19. \u2013 28.1.2024 a Berlino: Incoraggiare la citt\u00e0 e il paese a proteggere il bestiame\"}]},{\"@type\":\"WebSite\",\"@id\":\"https:\\\/\\\/lifestockprotect.info\\\/it\\\/#website\",\"url\":\"https:\\\/\\\/lifestockprotect.info\\\/it\\\/\",\"name\":\"LIFEstockProtect: Herdenschutz in den Alpen\",\"description\":\"Livestock Protection in Austria, Bavaria and South Tyrol - Protezione delle greggi in Austria, Bavaria e Alto Adige\",\"publisher\":{\"@id\":\"https:\\\/\\\/lifestockprotect.info\\\/it\\\/#organization\"},\"alternateName\":\"LIFEstockProtect\",\"potentialAction\":[{\"@type\":\"SearchAction\",\"target\":{\"@type\":\"EntryPoint\",\"urlTemplate\":\"https:\\\/\\\/lifestockprotect.info\\\/it\\\/?s={search_term_string}\"},\"query-input\":{\"@type\":\"PropertyValueSpecification\",\"valueRequired\":true,\"valueName\":\"search_term_string\"}}],\"inLanguage\":\"it-IT\"},{\"@type\":\"Organization\",\"@id\":\"https:\\\/\\\/lifestockprotect.info\\\/it\\\/#organization\",\"name\":\"LIFEstockProtect\",\"url\":\"https:\\\/\\\/lifestockprotect.info\\\/it\\\/\",\"logo\":{\"@type\":\"ImageObject\",\"inLanguage\":\"it-IT\",\"@id\":\"https:\\\/\\\/lifestockprotect.info\\\/it\\\/#\\\/schema\\\/logo\\\/image\\\/\",\"url\":\"https:\\\/\\\/lifestockprotect.info\\\/wp-content\\\/uploads\\\/2020\\\/10\\\/cropped-LSP_Logos_FB_INSTA-1-scaled-1.jpg\",\"contentUrl\":\"https:\\\/\\\/lifestockprotect.info\\\/wp-content\\\/uploads\\\/2020\\\/10\\\/cropped-LSP_Logos_FB_INSTA-1-scaled-1.jpg\",\"width\":512,\"height\":512,\"caption\":\"LIFEstockProtect\"},\"image\":{\"@id\":\"https:\\\/\\\/lifestockprotect.info\\\/it\\\/#\\\/schema\\\/logo\\\/image\\\/\"},\"sameAs\":[\"https:\\\/\\\/www.facebook.com\\\/LIFEstockProtect\\\/\",\"https:\\\/\\\/x.com\\\/LIFEstockPro\",\"https:\\\/\\\/www.instagram.com\\\/lifestockprotect\\\/\",\"https:\\\/\\\/youtube.com\\\/channel\\\/UCSRgL8vNTdjDRcErW9NvoHw\"],\"description\":\"Livestock protection in the Alps\",\"email\":\"info@lifestockprotect.info\",\"legalName\":\"LIFEstockProtect\",\"foundingDate\":\"2020-09-01\",\"numberOfEmployees\":{\"@type\":\"QuantitativeValue\",\"value\":\"19\"}},{\"@type\":\"Person\",\"@id\":\"https:\\\/\\\/lifestockprotect.info\\\/it\\\/#\\\/schema\\\/person\\\/bbbc7996f50e49c3e42324ec72aa6fc3\",\"name\":\"Max Rossberg\",\"url\":\"https:\\\/\\\/lifestockprotect.info\\\/it\\\/author\\\/max\\\/\"}]}<\/script>\n<!-- \/ Yoast SEO Premium plugin. -->","yoast_head_json":{"title":"International Green Week 19. \u2013 28.1.2024 a Berlino: Incoraggiare la citt\u00e0 e il paese a proteggere il bestiame - LIFEstockProtect: Herdenschutz \u00d6sterreich, Bayern und S\u00fcdtirol","robots":{"index":"index","follow":"follow","max-snippet":"max-snippet:-1","max-image-preview":"max-image-preview:large","max-video-preview":"max-video-preview:-1"},"canonical":"https:\/\/lifestockprotect.info\/it\/international-green-week-19-28-1-2024-a-berlino-incoraggiare-la-citta-e-il-paese-a-proteggere-il-bestiame\/","og_locale":"it_IT","og_type":"article","og_title":"International Green Week 19. \u2013 28.1.2024 a Berlino: Incoraggiare la citt\u00e0 e il paese a proteggere il bestiame","og_description":"Da quasi cento anni, la Settimana Verde Internazionale di Berlino \u00e8 una delle pi\u00f9 grandi e importanti fiere del settore alimentare, agricolo e orticolo.","og_url":"https:\/\/lifestockprotect.info\/it\/international-green-week-19-28-1-2024-a-berlino-incoraggiare-la-citta-e-il-paese-a-proteggere-il-bestiame\/","og_site_name":"LIFEstockProtect: Herdenschutz \u00d6sterreich, Bayern und S\u00fcdtirol","article_publisher":"https:\/\/www.facebook.com\/LIFEstockProtect\/","article_published_time":"2024-01-24T15:55:00+00:00","article_modified_time":"2024-04-25T14:58:00+00:00","og_image":[{"width":1600,"height":1200,"url":"https:\/\/lifestockprotect.info\/wp-content\/uploads\/2024\/01\/WhatsApp-Image-2024-01-24-at-07.27.07.jpeg","type":"image\/jpeg"}],"author":"Max Rossberg","twitter_card":"summary_large_image","twitter_creator":"@LIFEstockPro","twitter_site":"@LIFEstockPro","twitter_misc":{"Scritto da":"Max Rossberg","Tempo di lettura stimato":"2 minuti"},"schema":{"@context":"https:\/\/schema.org","@graph":[{"@type":"Article","@id":"https:\/\/lifestockprotect.info\/it\/international-green-week-19-28-1-2024-a-berlino-incoraggiare-la-citta-e-il-paese-a-proteggere-il-bestiame\/#article","isPartOf":{"@id":"https:\/\/lifestockprotect.info\/it\/international-green-week-19-28-1-2024-a-berlino-incoraggiare-la-citta-e-il-paese-a-proteggere-il-bestiame\/"},"author":{"name":"Max Rossberg","@id":"https:\/\/lifestockprotect.info\/it\/#\/schema\/person\/bbbc7996f50e49c3e42324ec72aa6fc3"},"headline":"International Green Week 19. \u2013 28.1.2024 a Berlino: Incoraggiare la citt\u00e0 e il paese a proteggere il bestiame","datePublished":"2024-01-24T15:55:00+00:00","dateModified":"2024-04-25T14:58:00+00:00","mainEntityOfPage":{"@id":"https:\/\/lifestockprotect.info\/it\/international-green-week-19-28-1-2024-a-berlino-incoraggiare-la-citta-e-il-paese-a-proteggere-il-bestiame\/"},"wordCount":267,"commentCount":0,"publisher":{"@id":"https:\/\/lifestockprotect.info\/it\/#organization"},"image":{"@id":"https:\/\/lifestockprotect.info\/it\/international-green-week-19-28-1-2024-a-berlino-incoraggiare-la-citta-e-il-paese-a-proteggere-il-bestiame\/#primaryimage"},"thumbnailUrl":"https:\/\/lifestockprotect.info\/wp-content\/uploads\/2024\/01\/WhatsApp-Image-2024-01-24-at-07.27.07.jpeg","keywords":["Protezione del bestiame"],"articleSection":["Aggiornamento del progetto"],"inLanguage":"it-IT","potentialAction":[{"@type":"CommentAction","name":"Comment","target":["https:\/\/lifestockprotect.info\/it\/international-green-week-19-28-1-2024-a-berlino-incoraggiare-la-citta-e-il-paese-a-proteggere-il-bestiame\/#respond"]}]},{"@type":"WebPage","@id":"https:\/\/lifestockprotect.info\/it\/international-green-week-19-28-1-2024-a-berlino-incoraggiare-la-citta-e-il-paese-a-proteggere-il-bestiame\/","url":"https:\/\/lifestockprotect.info\/it\/international-green-week-19-28-1-2024-a-berlino-incoraggiare-la-citta-e-il-paese-a-proteggere-il-bestiame\/","name":"International Green Week 19. \u2013 28.1.2024 a Berlino: Incoraggiare la citt\u00e0 e il paese a proteggere il bestiame - LIFEstockProtect: Herdenschutz \u00d6sterreich, Bayern und S\u00fcdtirol","isPartOf":{"@id":"https:\/\/lifestockprotect.info\/it\/#website"},"primaryImageOfPage":{"@id":"https:\/\/lifestockprotect.info\/it\/international-green-week-19-28-1-2024-a-berlino-incoraggiare-la-citta-e-il-paese-a-proteggere-il-bestiame\/#primaryimage"},"image":{"@id":"https:\/\/lifestockprotect.info\/it\/international-green-week-19-28-1-2024-a-berlino-incoraggiare-la-citta-e-il-paese-a-proteggere-il-bestiame\/#primaryimage"},"thumbnailUrl":"https:\/\/lifestockprotect.info\/wp-content\/uploads\/2024\/01\/WhatsApp-Image-2024-01-24-at-07.27.07.jpeg","datePublished":"2024-01-24T15:55:00+00:00","dateModified":"2024-04-25T14:58:00+00:00","breadcrumb":{"@id":"https:\/\/lifestockprotect.info\/it\/international-green-week-19-28-1-2024-a-berlino-incoraggiare-la-citta-e-il-paese-a-proteggere-il-bestiame\/#breadcrumb"},"inLanguage":"it-IT","potentialAction":[{"@type":"ReadAction","target":["https:\/\/lifestockprotect.info\/it\/international-green-week-19-28-1-2024-a-berlino-incoraggiare-la-citta-e-il-paese-a-proteggere-il-bestiame\/"]}]},{"@type":"ImageObject","inLanguage":"it-IT","@id":"https:\/\/lifestockprotect.info\/it\/international-green-week-19-28-1-2024-a-berlino-incoraggiare-la-citta-e-il-paese-a-proteggere-il-bestiame\/#primaryimage","url":"https:\/\/lifestockprotect.info\/wp-content\/uploads\/2024\/01\/WhatsApp-Image-2024-01-24-at-07.27.07.jpeg","contentUrl":"https:\/\/lifestockprotect.info\/wp-content\/uploads\/2024\/01\/WhatsApp-Image-2024-01-24-at-07.27.07.jpeg","width":1600,"height":1200},{"@type":"BreadcrumbList","@id":"https:\/\/lifestockprotect.info\/it\/international-green-week-19-28-1-2024-a-berlino-incoraggiare-la-citta-e-il-paese-a-proteggere-il-bestiame\/#breadcrumb","itemListElement":[{"@type":"ListItem","position":1,"name":"Home","item":"https:\/\/lifestockprotect.info\/it\/"},{"@type":"ListItem","position":2,"name":"International Green Week 19. \u2013 28.1.2024 a Berlino: Incoraggiare la citt\u00e0 e il paese a proteggere il bestiame"}]},{"@type":"WebSite","@id":"https:\/\/lifestockprotect.info\/it\/#website","url":"https:\/\/lifestockprotect.info\/it\/","name":"LIFEstockProtect: Herdenschutz in den Alpen","description":"Livestock Protection in Austria, Bavaria and South Tyrol - Protezione delle greggi in Austria, Bavaria e Alto Adige","publisher":{"@id":"https:\/\/lifestockprotect.info\/it\/#organization"},"alternateName":"LIFEstockProtect","potentialAction":[{"@type":"SearchAction","target":{"@type":"EntryPoint","urlTemplate":"https:\/\/lifestockprotect.info\/it\/?s={search_term_string}"},"query-input":{"@type":"PropertyValueSpecification","valueRequired":true,"valueName":"search_term_string"}}],"inLanguage":"it-IT"},{"@type":"Organization","@id":"https:\/\/lifestockprotect.info\/it\/#organization","name":"LIFEstockProtect","url":"https:\/\/lifestockprotect.info\/it\/","logo":{"@type":"ImageObject","inLanguage":"it-IT","@id":"https:\/\/lifestockprotect.info\/it\/#\/schema\/logo\/image\/","url":"https:\/\/lifestockprotect.info\/wp-content\/uploads\/2020\/10\/cropped-LSP_Logos_FB_INSTA-1-scaled-1.jpg","contentUrl":"https:\/\/lifestockprotect.info\/wp-content\/uploads\/2020\/10\/cropped-LSP_Logos_FB_INSTA-1-scaled-1.jpg","width":512,"height":512,"caption":"LIFEstockProtect"},"image":{"@id":"https:\/\/lifestockprotect.info\/it\/#\/schema\/logo\/image\/"},"sameAs":["https:\/\/www.facebook.com\/LIFEstockProtect\/","https:\/\/x.com\/LIFEstockPro","https:\/\/www.instagram.com\/lifestockprotect\/","https:\/\/youtube.com\/channel\/UCSRgL8vNTdjDRcErW9NvoHw"],"description":"Livestock protection in the Alps","email":"info@lifestockprotect.info","legalName":"LIFEstockProtect","foundingDate":"2020-09-01","numberOfEmployees":{"@type":"QuantitativeValue","value":"19"}},{"@type":"Person","@id":"https:\/\/lifestockprotect.info\/it\/#\/schema\/person\/bbbc7996f50e49c3e42324ec72aa6fc3","name":"Max Rossberg","url":"https:\/\/lifestockprotect.info\/it\/author\/max\/"}]}},"jetpack_publicize_connections":[],"jetpack_featured_media_url":"https:\/\/lifestockprotect.info\/wp-content\/uploads\/2024\/01\/WhatsApp-Image-2024-01-24-at-07.27.07.jpeg","uagb_featured_image_src":{"full":["https:\/\/lifestockprotect.info\/wp-content\/uploads\/2024\/01\/WhatsApp-Image-2024-01-24-at-07.27.07.jpeg",1600,1200,false],"thumbnail":["https:\/\/lifestockprotect.info\/wp-content\/uploads\/2024\/01\/WhatsApp-Image-2024-01-24-at-07.27.07.jpeg",128,96,false],"medium":["https:\/\/lifestockprotect.info\/wp-content\/uploads\/2024\/01\/WhatsApp-Image-2024-01-24-at-07.27.07.jpeg",1600,1200,false],"medium_large":["https:\/\/lifestockprotect.info\/wp-content\/uploads\/2024\/01\/WhatsApp-Image-2024-01-24-at-07.27.07.jpeg",715,536,false],"large":["https:\/\/lifestockprotect.info\/wp-content\/uploads\/2024\/01\/WhatsApp-Image-2024-01-24-at-07.27.07.jpeg",1600,1200,false],"1536x1536":["https:\/\/lifestockprotect.info\/wp-content\/uploads\/2024\/01\/WhatsApp-Image-2024-01-24-at-07.27.07.jpeg",1536,1152,false],"2048x2048":["https:\/\/lifestockprotect.info\/wp-content\/uploads\/2024\/01\/WhatsApp-Image-2024-01-24-at-07.27.07.jpeg",1600,1200,false],"colornews-big-slider":["https:\/\/lifestockprotect.info\/wp-content\/uploads\/2024\/01\/WhatsApp-Image-2024-01-24-at-07.27.07.jpeg",627,470,false],"colornews-big-slider-thumb":["https:\/\/lifestockprotect.info\/wp-content\/uploads\/2024\/01\/WhatsApp-Image-2024-01-24-at-07.27.07.jpeg",145,109,false],"colornews-featured-post-medium":["https:\/\/lifestockprotect.info\/wp-content\/uploads\/2024\/01\/WhatsApp-Image-2024-01-24-at-07.27.07.jpeg",345,259,false],"colornews-featured-post-small":["https:\/\/lifestockprotect.info\/wp-content\/uploads\/2024\/01\/WhatsApp-Image-2024-01-24-at-07.27.07.jpeg",97,73,false],"colornews-random-posts":["https:\/\/lifestockprotect.info\/wp-content\/uploads\/2024\/01\/WhatsApp-Image-2024-01-24-at-07.27.07.jpeg",215,161,false],"colornews-featured-image":["https:\/\/lifestockprotect.info\/wp-content\/uploads\/2024\/01\/WhatsApp-Image-2024-01-24-at-07.27.07.jpeg",533,400,false],"swift_performance_lazyload":["https:\/\/lifestockprotect.info\/wp-content\/uploads\/2024\/01\/WhatsApp-Image-2024-01-24-at-07.27.07.jpeg",20,15,false]},"uagb_author_info":{"display_name":"Max Rossberg","author_link":"https:\/\/lifestockprotect.info\/it\/author\/max\/"},"uagb_comment_info":0,"uagb_excerpt":"Da quasi cento anni, la Settimana Verde Internazionale di Berlino \u00e8 una delle pi\u00f9 grandi e importanti fiere del settore alimentare, agricolo e orticolo.","jetpack_likes_enabled":true,"jetpack_sharing_enabled":true,"_links":{"self":[{"href":"https:\/\/lifestockprotect.info\/it\/wp-json\/wp\/v2\/posts\/28539","targetHints":{"allow":["GET"]}}],"collection":[{"href":"https:\/\/lifestockprotect.info\/it\/wp-json\/wp\/v2\/posts"}],"about":[{"href":"https:\/\/lifestockprotect.info\/it\/wp-json\/wp\/v2\/types\/post"}],"author":[{"embeddable":true,"href":"https:\/\/lifestockprotect.info\/it\/wp-json\/wp\/v2\/users\/1"}],"replies":[{"embeddable":true,"href":"https:\/\/lifestockprotect.info\/it\/wp-json\/wp\/v2\/comments?post=28539"}],"version-history":[{"count":0,"href":"https:\/\/lifestockprotect.info\/it\/wp-json\/wp\/v2\/posts\/28539\/revisions"}],"wp:featuredmedia":[{"embeddable":true,"href":"https:\/\/lifestockprotect.info\/it\/wp-json\/wp\/v2\/media\/31336"}],"wp:attachment":[{"href":"https:\/\/lifestockprotect.info\/it\/wp-json\/wp\/v2\/media?parent=28539"}],"wp:term":[{"taxonomy":"category","embeddable":true,"href":"https:\/\/lifestockprotect.info\/it\/wp-json\/wp\/v2\/categories?post=28539"},{"taxonomy":"post_tag","embeddable":true,"href":"https:\/\/lifestockprotect.info\/it\/wp-json\/wp\/v2\/tags?post=28539"}],"curies":[{"name":"wp","href":"https:\/\/api.w.org\/{rel}","templated":true}]}}