{"id":36963,"date":"2025-04-08T13:37:06","date_gmt":"2025-04-08T11:37:06","guid":{"rendered":"https:\/\/lifestockprotect.info\/?p=36963"},"modified":"2025-05-12T13:50:54","modified_gmt":"2025-05-12T11:50:54","slug":"rafforzare-la-protezione-del-bestiame-in-austria","status":"publish","type":"post","link":"https:\/\/lifestockprotect.info\/it\/rafforzare-la-protezione-del-bestiame-in-austria\/","title":{"rendered":"Rafforzare la protezione delle mandrie nei pascoli di montagna"},"content":{"rendered":"\n<p>Entro la fine di maggio, altri 14 Cani da Guardiania saranno ufficialmente certificati dal Centro austriaco per la lince e il lupo orso. I cani hanno superato con successo il test in conformit\u00e0 alle nuove linee guida per la certificazione sviluppate nell&#8217;ambito del progetto europeo LIFEstockProtect. <\/p>\n\n<p>La certificazione conferma che ogni cane ha dimostrato prestazioni eccellenti nelle seguenti aree:<\/p>\n\n<ul class=\"wp-block-list\">\n<li>Un comportamento protettivo efficace e affidabile contro i grandi predatori, come lupi e orsi.<\/li>\n\n\n\n<li>Natura stabile per un&#8217;integrazione sicura nel gregge e per la gestione quotidiana da parte dei pastori<\/li>\n\n\n\n<li>Una stretta connessione con il sito Bestiame, in modo che l&#8217;istinto di protezione naturale agisca autonomamente, senza la guida dell&#8217;uomo.<\/li>\n\n\n\n<li>Buona salute e forma fisica per l&#8217;utilizzo tutto l&#8217;anno nelle aree di pascolo alpine e di bassa quota<\/li>\n<\/ul>\n\n<p>Dopo le prime certificazioni nel 2024, il numero di Cani da Guardiania certificati in Austria \u00e8 salito a quasi 30 animali pronti per l&#8217;uso pratico protezione del bestiame. Ci\u00f2 significa che i proprietari di bestiame hanno a disposizione un numero crescente di cani testati e affidabili, che contribuiscono in modo decisivo alla sicurezza sui pascoli. <\/p>\n\n<p>Un altro importante passo avanti: questi cani certificati non solo soddisfano i requisiti pratici, ma anche le specifiche della seconda ordinanza austriaca sulla zootecnia. In questo modo non hanno pi\u00f9 bisogno di un canile e possono essere finanziati come misura di protezione delle mandrie nell&#8217;ambito del programma \u00d6PUL. Ci\u00f2 rende molto pi\u00f9 facile l&#8217;utilizzo di questi animali nell&#8217;allevamento al pascolo e fornisce un ulteriore sostegno alle aziende agricole.  <\/p>\n\n<p>Il numero crescente di Cani da Guardiania certificati dimostra i continui progressi che stiamo ottenendo insieme agli allevatori, ai pastori e agli esperti delle regioni. \u00c8 un chiaro segno che le misure di protezione del gregge ben attuate sono diventate da tempo un elemento centrale per la coesistenza di animali da pascolo e fauna selvatica. <\/p>\n\n<p>I nostri ringraziamenti speciali vanno a tutti coloro che sono stati coinvolti, dagli operatori cinofili dedicati al team di certificazione del Centro austriaco, per i loro sforzi instancabili e il loro prezioso contributo alla sicurezza dei pascoli.<\/p>\n\n<p>Rimani sintonizzato: presto condivideremo le impressioni e i risultati delle giornate di certificazione.<\/p>\n","protected":false},"excerpt":{"rendered":"<p>Entro la fine di maggio, altri 14 Cani da Guardiania saranno ufficialmente certificati dal Centro austriaco per la lince e il lupo orso. I<\/p>\n","protected":false},"author":1,"featured_media":36959,"comment_status":"open","ping_status":"open","sticky":false,"template":"","format":"standard","meta":{"_uag_custom_page_level_css":"","ghostkit_customizer_options":"","ghostkit_custom_css":"","ghostkit_custom_js_head":"","ghostkit_custom_js_foot":"","ghostkit_typography":"","episode_type":"","audio_file":"","podmotor_file_id":"","podmotor_episode_id":"","cover_image":"","cover_image_id":"","duration":"","filesize":"","filesize_raw":"","date_recorded":"","explicit":"","block":"","itunes_episode_number":"","itunes_title":"","itunes_season_number":"","itunes_episode_type":"","jetpack_post_was_ever_published":false,"_jetpack_newsletter_access":"","_jetpack_dont_email_post_to_subs":false,"_jetpack_newsletter_tier_id":0,"_jetpack_memberships_contains_paywalled_content":false,"_jetpack_memberships_contains_paid_content":false,"footnotes":"","jetpack_publicize_message":"","jetpack_publicize_feature_enabled":true,"jetpack_social_post_already_shared":true,"jetpack_social_options":{"image_generator_settings":{"template":"highway","default_image_id":0,"font":"","enabled":false},"version":2}},"categories":[607],"tags":[949],"class_list":["post-36963","post","type-post","status-publish","format-standard","has-post-thumbnail","hentry","category-cani-da-guardiania","tag-cani-da-protezione"],"yoast_head":"<!-- This site is optimized with the Yoast SEO Premium plugin v27.4 (Yoast SEO v27.4) - https:\/\/yoast.com\/product\/yoast-seo-premium-wordpress\/ -->\n<title>Rafforzare la protezione delle mandrie nei pascoli di montagna - LIFEstockProtect: Herdenschutz \u00d6sterreich, Bayern und S\u00fcdtirol<\/title>\n<meta name=\"robots\" content=\"index, follow, max-snippet:-1, max-image-preview:large, max-video-preview:-1\" \/>\n<link rel=\"canonical\" href=\"https:\/\/lifestockprotect.info\/it\/rafforzare-la-protezione-del-bestiame-in-austria\/\" \/>\n<meta property=\"og:locale\" content=\"it_IT\" \/>\n<meta property=\"og:type\" content=\"article\" \/>\n<meta property=\"og:title\" content=\"Rafforzare la protezione delle mandrie nei pascoli di montagna\" \/>\n<meta property=\"og:description\" content=\"Entro la fine di maggio, altri 14 Cani da Guardiania saranno ufficialmente certificati dal Centro austriaco per la lince e il lupo orso. I cani hanno\" \/>\n<meta property=\"og:url\" content=\"https:\/\/lifestockprotect.info\/it\/rafforzare-la-protezione-del-bestiame-in-austria\/\" \/>\n<meta property=\"og:site_name\" content=\"LIFEstockProtect: Herdenschutz \u00d6sterreich, Bayern und S\u00fcdtirol\" \/>\n<meta property=\"article:publisher\" content=\"https:\/\/www.facebook.com\/LIFEstockProtect\/\" \/>\n<meta property=\"article:published_time\" content=\"2025-04-08T11:37:06+00:00\" \/>\n<meta property=\"article:modified_time\" content=\"2025-05-12T11:50:54+00:00\" \/>\n<meta property=\"og:image\" content=\"https:\/\/i0.wp.com\/lifestockprotect.info\/wp-content\/uploads\/2025\/04\/IMG_1257-scaled.jpg?fit=1600%2C1200&ssl=1\" \/>\n\t<meta property=\"og:image:width\" content=\"1600\" \/>\n\t<meta property=\"og:image:height\" content=\"1200\" \/>\n\t<meta property=\"og:image:type\" content=\"image\/jpeg\" \/>\n<meta name=\"author\" content=\"Max Rossberg\" \/>\n<meta name=\"twitter:card\" content=\"summary_large_image\" \/>\n<meta name=\"twitter:creator\" content=\"@LIFEstockPro\" \/>\n<meta name=\"twitter:site\" content=\"@LIFEstockPro\" \/>\n<meta name=\"twitter:label1\" content=\"Scritto da\" \/>\n\t<meta name=\"twitter:data1\" content=\"Max Rossberg\" \/>\n\t<meta name=\"twitter:label2\" content=\"Tempo di lettura stimato\" \/>\n\t<meta name=\"twitter:data2\" content=\"2 minuti\" \/>\n<script type=\"application\/ld+json\" class=\"yoast-schema-graph\">{\"@context\":\"https:\\\/\\\/schema.org\",\"@graph\":[{\"@type\":\"Article\",\"@id\":\"https:\\\/\\\/lifestockprotect.info\\\/it\\\/rafforzare-la-protezione-del-bestiame-in-austria\\\/#article\",\"isPartOf\":{\"@id\":\"https:\\\/\\\/lifestockprotect.info\\\/it\\\/rafforzare-la-protezione-del-bestiame-in-austria\\\/\"},\"author\":{\"name\":\"Max Rossberg\",\"@id\":\"https:\\\/\\\/lifestockprotect.info\\\/it\\\/#\\\/schema\\\/person\\\/bbbc7996f50e49c3e42324ec72aa6fc3\"},\"headline\":\"Rafforzare la protezione delle mandrie nei pascoli di montagna\",\"datePublished\":\"2025-04-08T11:37:06+00:00\",\"dateModified\":\"2025-05-12T11:50:54+00:00\",\"mainEntityOfPage\":{\"@id\":\"https:\\\/\\\/lifestockprotect.info\\\/it\\\/rafforzare-la-protezione-del-bestiame-in-austria\\\/\"},\"wordCount\":369,\"commentCount\":0,\"publisher\":{\"@id\":\"https:\\\/\\\/lifestockprotect.info\\\/it\\\/#organization\"},\"image\":{\"@id\":\"https:\\\/\\\/lifestockprotect.info\\\/it\\\/rafforzare-la-protezione-del-bestiame-in-austria\\\/#primaryimage\"},\"thumbnailUrl\":\"https:\\\/\\\/lifestockprotect.info\\\/wp-content\\\/uploads\\\/2025\\\/04\\\/IMG_1257-scaled.jpg\",\"keywords\":[\"Cani da protezione\"],\"articleSection\":[\"Cani da Guardiania\"],\"inLanguage\":\"it-IT\",\"potentialAction\":[{\"@type\":\"CommentAction\",\"name\":\"Comment\",\"target\":[\"https:\\\/\\\/lifestockprotect.info\\\/it\\\/rafforzare-la-protezione-del-bestiame-in-austria\\\/#respond\"]}]},{\"@type\":\"WebPage\",\"@id\":\"https:\\\/\\\/lifestockprotect.info\\\/it\\\/rafforzare-la-protezione-del-bestiame-in-austria\\\/\",\"url\":\"https:\\\/\\\/lifestockprotect.info\\\/it\\\/rafforzare-la-protezione-del-bestiame-in-austria\\\/\",\"name\":\"Rafforzare la protezione delle mandrie nei pascoli di montagna - LIFEstockProtect: Herdenschutz \u00d6sterreich, Bayern und S\u00fcdtirol\",\"isPartOf\":{\"@id\":\"https:\\\/\\\/lifestockprotect.info\\\/it\\\/#website\"},\"primaryImageOfPage\":{\"@id\":\"https:\\\/\\\/lifestockprotect.info\\\/it\\\/rafforzare-la-protezione-del-bestiame-in-austria\\\/#primaryimage\"},\"image\":{\"@id\":\"https:\\\/\\\/lifestockprotect.info\\\/it\\\/rafforzare-la-protezione-del-bestiame-in-austria\\\/#primaryimage\"},\"thumbnailUrl\":\"https:\\\/\\\/lifestockprotect.info\\\/wp-content\\\/uploads\\\/2025\\\/04\\\/IMG_1257-scaled.jpg\",\"datePublished\":\"2025-04-08T11:37:06+00:00\",\"dateModified\":\"2025-05-12T11:50:54+00:00\",\"breadcrumb\":{\"@id\":\"https:\\\/\\\/lifestockprotect.info\\\/it\\\/rafforzare-la-protezione-del-bestiame-in-austria\\\/#breadcrumb\"},\"inLanguage\":\"it-IT\",\"potentialAction\":[{\"@type\":\"ReadAction\",\"target\":[\"https:\\\/\\\/lifestockprotect.info\\\/it\\\/rafforzare-la-protezione-del-bestiame-in-austria\\\/\"]}]},{\"@type\":\"ImageObject\",\"inLanguage\":\"it-IT\",\"@id\":\"https:\\\/\\\/lifestockprotect.info\\\/it\\\/rafforzare-la-protezione-del-bestiame-in-austria\\\/#primaryimage\",\"url\":\"https:\\\/\\\/lifestockprotect.info\\\/wp-content\\\/uploads\\\/2025\\\/04\\\/IMG_1257-scaled.jpg\",\"contentUrl\":\"https:\\\/\\\/lifestockprotect.info\\\/wp-content\\\/uploads\\\/2025\\\/04\\\/IMG_1257-scaled.jpg\",\"width\":1600,\"height\":1200},{\"@type\":\"BreadcrumbList\",\"@id\":\"https:\\\/\\\/lifestockprotect.info\\\/it\\\/rafforzare-la-protezione-del-bestiame-in-austria\\\/#breadcrumb\",\"itemListElement\":[{\"@type\":\"ListItem\",\"position\":1,\"name\":\"Home\",\"item\":\"https:\\\/\\\/lifestockprotect.info\\\/it\\\/\"},{\"@type\":\"ListItem\",\"position\":2,\"name\":\"Rafforzare la protezione delle mandrie nei pascoli di montagna\"}]},{\"@type\":\"WebSite\",\"@id\":\"https:\\\/\\\/lifestockprotect.info\\\/it\\\/#website\",\"url\":\"https:\\\/\\\/lifestockprotect.info\\\/it\\\/\",\"name\":\"LIFEstockProtect: Herdenschutz in den Alpen\",\"description\":\"Livestock Protection in Austria, Bavaria and South Tyrol - Protezione delle greggi in Austria, Bavaria e Alto Adige\",\"publisher\":{\"@id\":\"https:\\\/\\\/lifestockprotect.info\\\/it\\\/#organization\"},\"alternateName\":\"LIFEstockProtect\",\"potentialAction\":[{\"@type\":\"SearchAction\",\"target\":{\"@type\":\"EntryPoint\",\"urlTemplate\":\"https:\\\/\\\/lifestockprotect.info\\\/it\\\/?s={search_term_string}\"},\"query-input\":{\"@type\":\"PropertyValueSpecification\",\"valueRequired\":true,\"valueName\":\"search_term_string\"}}],\"inLanguage\":\"it-IT\"},{\"@type\":\"Organization\",\"@id\":\"https:\\\/\\\/lifestockprotect.info\\\/it\\\/#organization\",\"name\":\"LIFEstockProtect\",\"url\":\"https:\\\/\\\/lifestockprotect.info\\\/it\\\/\",\"logo\":{\"@type\":\"ImageObject\",\"inLanguage\":\"it-IT\",\"@id\":\"https:\\\/\\\/lifestockprotect.info\\\/it\\\/#\\\/schema\\\/logo\\\/image\\\/\",\"url\":\"https:\\\/\\\/lifestockprotect.info\\\/wp-content\\\/uploads\\\/2020\\\/10\\\/cropped-LSP_Logos_FB_INSTA-1-scaled-1.jpg\",\"contentUrl\":\"https:\\\/\\\/lifestockprotect.info\\\/wp-content\\\/uploads\\\/2020\\\/10\\\/cropped-LSP_Logos_FB_INSTA-1-scaled-1.jpg\",\"width\":512,\"height\":512,\"caption\":\"LIFEstockProtect\"},\"image\":{\"@id\":\"https:\\\/\\\/lifestockprotect.info\\\/it\\\/#\\\/schema\\\/logo\\\/image\\\/\"},\"sameAs\":[\"https:\\\/\\\/www.facebook.com\\\/LIFEstockProtect\\\/\",\"https:\\\/\\\/x.com\\\/LIFEstockPro\",\"https:\\\/\\\/www.instagram.com\\\/lifestockprotect\\\/\",\"https:\\\/\\\/youtube.com\\\/channel\\\/UCSRgL8vNTdjDRcErW9NvoHw\"],\"description\":\"Livestock protection in the Alps\",\"email\":\"info@lifestockprotect.info\",\"legalName\":\"LIFEstockProtect\",\"foundingDate\":\"2020-09-01\",\"numberOfEmployees\":{\"@type\":\"QuantitativeValue\",\"value\":\"19\"}},{\"@type\":\"Person\",\"@id\":\"https:\\\/\\\/lifestockprotect.info\\\/it\\\/#\\\/schema\\\/person\\\/bbbc7996f50e49c3e42324ec72aa6fc3\",\"name\":\"Max Rossberg\",\"url\":\"https:\\\/\\\/lifestockprotect.info\\\/it\\\/author\\\/max\\\/\"}]}<\/script>\n<!-- \/ Yoast SEO Premium plugin. -->","yoast_head_json":{"title":"Rafforzare la protezione delle mandrie nei pascoli di montagna - LIFEstockProtect: Herdenschutz \u00d6sterreich, Bayern und S\u00fcdtirol","robots":{"index":"index","follow":"follow","max-snippet":"max-snippet:-1","max-image-preview":"max-image-preview:large","max-video-preview":"max-video-preview:-1"},"canonical":"https:\/\/lifestockprotect.info\/it\/rafforzare-la-protezione-del-bestiame-in-austria\/","og_locale":"it_IT","og_type":"article","og_title":"Rafforzare la protezione delle mandrie nei pascoli di montagna","og_description":"Entro la fine di maggio, altri 14 Cani da Guardiania saranno ufficialmente certificati dal Centro austriaco per la lince e il lupo orso. I cani hanno","og_url":"https:\/\/lifestockprotect.info\/it\/rafforzare-la-protezione-del-bestiame-in-austria\/","og_site_name":"LIFEstockProtect: Herdenschutz \u00d6sterreich, Bayern und S\u00fcdtirol","article_publisher":"https:\/\/www.facebook.com\/LIFEstockProtect\/","article_published_time":"2025-04-08T11:37:06+00:00","article_modified_time":"2025-05-12T11:50:54+00:00","og_image":[{"width":1600,"height":1200,"url":"https:\/\/i0.wp.com\/lifestockprotect.info\/wp-content\/uploads\/2025\/04\/IMG_1257-scaled.jpg?fit=1600%2C1200&ssl=1","type":"image\/jpeg"}],"author":"Max Rossberg","twitter_card":"summary_large_image","twitter_creator":"@LIFEstockPro","twitter_site":"@LIFEstockPro","twitter_misc":{"Scritto da":"Max Rossberg","Tempo di lettura stimato":"2 minuti"},"schema":{"@context":"https:\/\/schema.org","@graph":[{"@type":"Article","@id":"https:\/\/lifestockprotect.info\/it\/rafforzare-la-protezione-del-bestiame-in-austria\/#article","isPartOf":{"@id":"https:\/\/lifestockprotect.info\/it\/rafforzare-la-protezione-del-bestiame-in-austria\/"},"author":{"name":"Max Rossberg","@id":"https:\/\/lifestockprotect.info\/it\/#\/schema\/person\/bbbc7996f50e49c3e42324ec72aa6fc3"},"headline":"Rafforzare la protezione delle mandrie nei pascoli di montagna","datePublished":"2025-04-08T11:37:06+00:00","dateModified":"2025-05-12T11:50:54+00:00","mainEntityOfPage":{"@id":"https:\/\/lifestockprotect.info\/it\/rafforzare-la-protezione-del-bestiame-in-austria\/"},"wordCount":369,"commentCount":0,"publisher":{"@id":"https:\/\/lifestockprotect.info\/it\/#organization"},"image":{"@id":"https:\/\/lifestockprotect.info\/it\/rafforzare-la-protezione-del-bestiame-in-austria\/#primaryimage"},"thumbnailUrl":"https:\/\/lifestockprotect.info\/wp-content\/uploads\/2025\/04\/IMG_1257-scaled.jpg","keywords":["Cani da protezione"],"articleSection":["Cani da Guardiania"],"inLanguage":"it-IT","potentialAction":[{"@type":"CommentAction","name":"Comment","target":["https:\/\/lifestockprotect.info\/it\/rafforzare-la-protezione-del-bestiame-in-austria\/#respond"]}]},{"@type":"WebPage","@id":"https:\/\/lifestockprotect.info\/it\/rafforzare-la-protezione-del-bestiame-in-austria\/","url":"https:\/\/lifestockprotect.info\/it\/rafforzare-la-protezione-del-bestiame-in-austria\/","name":"Rafforzare la protezione delle mandrie nei pascoli di montagna - LIFEstockProtect: Herdenschutz \u00d6sterreich, Bayern und S\u00fcdtirol","isPartOf":{"@id":"https:\/\/lifestockprotect.info\/it\/#website"},"primaryImageOfPage":{"@id":"https:\/\/lifestockprotect.info\/it\/rafforzare-la-protezione-del-bestiame-in-austria\/#primaryimage"},"image":{"@id":"https:\/\/lifestockprotect.info\/it\/rafforzare-la-protezione-del-bestiame-in-austria\/#primaryimage"},"thumbnailUrl":"https:\/\/lifestockprotect.info\/wp-content\/uploads\/2025\/04\/IMG_1257-scaled.jpg","datePublished":"2025-04-08T11:37:06+00:00","dateModified":"2025-05-12T11:50:54+00:00","breadcrumb":{"@id":"https:\/\/lifestockprotect.info\/it\/rafforzare-la-protezione-del-bestiame-in-austria\/#breadcrumb"},"inLanguage":"it-IT","potentialAction":[{"@type":"ReadAction","target":["https:\/\/lifestockprotect.info\/it\/rafforzare-la-protezione-del-bestiame-in-austria\/"]}]},{"@type":"ImageObject","inLanguage":"it-IT","@id":"https:\/\/lifestockprotect.info\/it\/rafforzare-la-protezione-del-bestiame-in-austria\/#primaryimage","url":"https:\/\/lifestockprotect.info\/wp-content\/uploads\/2025\/04\/IMG_1257-scaled.jpg","contentUrl":"https:\/\/lifestockprotect.info\/wp-content\/uploads\/2025\/04\/IMG_1257-scaled.jpg","width":1600,"height":1200},{"@type":"BreadcrumbList","@id":"https:\/\/lifestockprotect.info\/it\/rafforzare-la-protezione-del-bestiame-in-austria\/#breadcrumb","itemListElement":[{"@type":"ListItem","position":1,"name":"Home","item":"https:\/\/lifestockprotect.info\/it\/"},{"@type":"ListItem","position":2,"name":"Rafforzare la protezione delle mandrie nei pascoli di montagna"}]},{"@type":"WebSite","@id":"https:\/\/lifestockprotect.info\/it\/#website","url":"https:\/\/lifestockprotect.info\/it\/","name":"LIFEstockProtect: Herdenschutz in den Alpen","description":"Livestock Protection in Austria, Bavaria and South Tyrol - Protezione delle greggi in Austria, Bavaria e Alto Adige","publisher":{"@id":"https:\/\/lifestockprotect.info\/it\/#organization"},"alternateName":"LIFEstockProtect","potentialAction":[{"@type":"SearchAction","target":{"@type":"EntryPoint","urlTemplate":"https:\/\/lifestockprotect.info\/it\/?s={search_term_string}"},"query-input":{"@type":"PropertyValueSpecification","valueRequired":true,"valueName":"search_term_string"}}],"inLanguage":"it-IT"},{"@type":"Organization","@id":"https:\/\/lifestockprotect.info\/it\/#organization","name":"LIFEstockProtect","url":"https:\/\/lifestockprotect.info\/it\/","logo":{"@type":"ImageObject","inLanguage":"it-IT","@id":"https:\/\/lifestockprotect.info\/it\/#\/schema\/logo\/image\/","url":"https:\/\/lifestockprotect.info\/wp-content\/uploads\/2020\/10\/cropped-LSP_Logos_FB_INSTA-1-scaled-1.jpg","contentUrl":"https:\/\/lifestockprotect.info\/wp-content\/uploads\/2020\/10\/cropped-LSP_Logos_FB_INSTA-1-scaled-1.jpg","width":512,"height":512,"caption":"LIFEstockProtect"},"image":{"@id":"https:\/\/lifestockprotect.info\/it\/#\/schema\/logo\/image\/"},"sameAs":["https:\/\/www.facebook.com\/LIFEstockProtect\/","https:\/\/x.com\/LIFEstockPro","https:\/\/www.instagram.com\/lifestockprotect\/","https:\/\/youtube.com\/channel\/UCSRgL8vNTdjDRcErW9NvoHw"],"description":"Livestock protection in the Alps","email":"info@lifestockprotect.info","legalName":"LIFEstockProtect","foundingDate":"2020-09-01","numberOfEmployees":{"@type":"QuantitativeValue","value":"19"}},{"@type":"Person","@id":"https:\/\/lifestockprotect.info\/it\/#\/schema\/person\/bbbc7996f50e49c3e42324ec72aa6fc3","name":"Max Rossberg","url":"https:\/\/lifestockprotect.info\/it\/author\/max\/"}]}},"jetpack_publicize_connections":[],"jetpack_featured_media_url":"https:\/\/lifestockprotect.info\/wp-content\/uploads\/2025\/04\/IMG_1257-scaled.jpg","uagb_featured_image_src":{"full":["https:\/\/lifestockprotect.info\/wp-content\/uploads\/2025\/04\/IMG_1257-scaled.jpg",1600,1200,false],"thumbnail":["https:\/\/lifestockprotect.info\/wp-content\/uploads\/2025\/04\/IMG_1257-scaled.jpg",128,96,false],"medium":["https:\/\/lifestockprotect.info\/wp-content\/uploads\/2025\/04\/IMG_1257-scaled.jpg",1600,1200,false],"medium_large":["https:\/\/lifestockprotect.info\/wp-content\/uploads\/2025\/04\/IMG_1257-768x576.jpg",715,536,true],"large":["https:\/\/lifestockprotect.info\/wp-content\/uploads\/2025\/04\/IMG_1257-scaled.jpg",1600,1200,false],"1536x1536":["https:\/\/lifestockprotect.info\/wp-content\/uploads\/2025\/04\/IMG_1257-1536x1152.jpg",1536,1152,true],"2048x2048":["https:\/\/lifestockprotect.info\/wp-content\/uploads\/2025\/04\/IMG_1257-2048x1536.jpg",1600,1200,true],"colornews-big-slider":["https:\/\/lifestockprotect.info\/wp-content\/uploads\/2025\/04\/IMG_1257-1070x470.jpg",1070,470,true],"colornews-big-slider-thumb":["https:\/\/lifestockprotect.info\/wp-content\/uploads\/2025\/04\/IMG_1257-184x109.jpg",184,109,true],"colornews-featured-post-medium":["https:\/\/lifestockprotect.info\/wp-content\/uploads\/2025\/04\/IMG_1257-345x265.jpg",345,265,true],"colornews-featured-post-small":["https:\/\/lifestockprotect.info\/wp-content\/uploads\/2025\/04\/IMG_1257-115x73.jpg",115,73,true],"colornews-random-posts":["https:\/\/lifestockprotect.info\/wp-content\/uploads\/2025\/04\/IMG_1257-215x215.jpg",215,215,true],"colornews-featured-image":["https:\/\/lifestockprotect.info\/wp-content\/uploads\/2025\/04\/IMG_1257-715x400.jpg",715,400,true],"swift_performance_lazyload":["https:\/\/lifestockprotect.info\/wp-content\/uploads\/2025\/04\/IMG_1257-scaled.jpg",20,15,false]},"uagb_author_info":{"display_name":"Max Rossberg","author_link":"https:\/\/lifestockprotect.info\/it\/author\/max\/"},"uagb_comment_info":0,"uagb_excerpt":"Entro la fine di maggio, altri 14 Cani da Guardiania saranno ufficialmente certificati dal Centro austriaco per la lince e il lupo orso. I","jetpack_likes_enabled":true,"jetpack_sharing_enabled":true,"_links":{"self":[{"href":"https:\/\/lifestockprotect.info\/it\/wp-json\/wp\/v2\/posts\/36963","targetHints":{"allow":["GET"]}}],"collection":[{"href":"https:\/\/lifestockprotect.info\/it\/wp-json\/wp\/v2\/posts"}],"about":[{"href":"https:\/\/lifestockprotect.info\/it\/wp-json\/wp\/v2\/types\/post"}],"author":[{"embeddable":true,"href":"https:\/\/lifestockprotect.info\/it\/wp-json\/wp\/v2\/users\/1"}],"replies":[{"embeddable":true,"href":"https:\/\/lifestockprotect.info\/it\/wp-json\/wp\/v2\/comments?post=36963"}],"version-history":[{"count":0,"href":"https:\/\/lifestockprotect.info\/it\/wp-json\/wp\/v2\/posts\/36963\/revisions"}],"wp:featuredmedia":[{"embeddable":true,"href":"https:\/\/lifestockprotect.info\/it\/wp-json\/wp\/v2\/media\/36959"}],"wp:attachment":[{"href":"https:\/\/lifestockprotect.info\/it\/wp-json\/wp\/v2\/media?parent=36963"}],"wp:term":[{"taxonomy":"category","embeddable":true,"href":"https:\/\/lifestockprotect.info\/it\/wp-json\/wp\/v2\/categories?post=36963"},{"taxonomy":"post_tag","embeddable":true,"href":"https:\/\/lifestockprotect.info\/it\/wp-json\/wp\/v2\/tags?post=36963"}],"curies":[{"name":"wp","href":"https:\/\/api.w.org\/{rel}","templated":true}]}}