{"id":5279,"date":"2021-03-02T15:16:47","date_gmt":"2021-03-02T14:16:47","guid":{"rendered":"https:\/\/lifestockprotect.info\/news-update-febbraio-2021\/"},"modified":"2025-09-09T15:58:00","modified_gmt":"2025-09-09T13:58:00","slug":"news-update-febbraio-2021","status":"publish","type":"post","link":"https:\/\/lifestockprotect.info\/it\/news-update-febbraio-2021\/","title":{"rendered":"Aggiornamento sulle novit\u00e0 di febbraio 2021"},"content":{"rendered":"\n<p>Dopo la <a href=\"https:\/\/lifestockprotect.info\/it\/conferenza-sulla-protezione-del-bestiame-500-partecipanti\/\">conferenza pubblica di apertura di<\/a> fine gennaio e le <a href=\"https:\/\/lifestockprotect.info\/de\/lifestockprotect-in-the-news\/\">numerose apparizioni sui media<\/a>, molte persone interessate al progetto ci hanno contattato. Hanno chiesto maggiori informazioni sul progetto LIFEstockProtect, sui corsi di formazione previsti e sulle attivit\u00e0 di volontariato. Questo ha motivato il team di LIFEstockProtect a fare progressi ancora pi\u00f9 rapidi nel coordinamento dei Centri di competenza per la protezione del bestiame e della rete di volontari. Inoltre, la raccolta dei dati per la maggior parte delle misure A preparatorie \u00e8 stata completata o sta per esserlo. E il team di comunicazione ha delle novit\u00e0 interessanti: Continua a leggere per saperne di pi\u00f9!    <\/p>\n\n<div class=\"ghostkit-alert ghostkit-custom-ZxwwQP\"><div class=\"ghostkit-alert-icon\"><svg class=\"ghostkit-svg-icon ghostkit-svg-icon-fa\" aria-hidden=\"true\" role=\"img\" xmlns=\"http:\/\/www.w3.org\/2000\/svg\" viewBox=\"0 0 512 512\"><path fill=\"currentColor\" d=\"M504 256c0 136.997-111.043 248-248 248S8 392.997 8 256C8 119.083 119.043 8 256 8s248 111.083 248 248zm-248 50c-25.405 0-46 20.595-46 46s20.595 46 46 46 46-20.595 46-46-20.595-46-46-46zm-43.673-165.346l7.418 136c.347 6.364 5.609 11.346 11.982 11.346h48.546c6.373 0 11.635-4.982 11.982-11.346l7.418-136c.375-6.874-5.098-12.654-11.982-12.654h-63.383c-6.884 0-12.356 5.78-11.981 12.654z\"><\/path><\/svg><\/div><div class=\"ghostkit-alert-content is-layout-flow wp-block-ghostkit-alert-is-layout-flow\">\n<p>Leggi anche: <em><a href=\"https:\/\/lifestockprotect.info\/it\/conferenza-sulla-protezione-del-bestiame-500-partecipanti\/\">Conferenza sulla protezione del bestiame: oltre 500 partecipanti <\/a><\/em> <\/p>\n<\/div><\/div>\n\n<h3 class=\"wp-block-heading\" id=\"h-herdenschutz-kompetenzzentren-und-sp-rhunde-trainings\">Centri di competenza per la protezione del bestiame e addestramento di cani da fiuto<\/h3>\n\n<p>I Centri di competenza per la protezione del bestiame saranno istituiti in tutta la regione del progetto. In pratica, si tratta di aziende agricole che soddisfano determinati requisiti in termini di ubicazione, accessibilit\u00e0, bestiame e disponibilit\u00e0 durante e dopo il periodo del progetto. A febbraio, il team di LIFEstockProtect ha definito i criteri specifici per i centri di competenza e ha gi\u00e0 confermato la partecipazione di molte aziende agricole che ci hanno contattato. Saranno il punto di contatto centrale per i corsi di formazione sulla protezione del bestiame e i laboratori di recinzione per testare i materiali di protezione del bestiame. Il tuo impegno sar\u00e0 ovviamente ricompensato.      <\/p>\n\n<p>A seconda del bestiame disponibile e del tipo di pascolo, nei centri di competenza si tengono corsi di formazione diversi. Vogliamo che ogni persona interessata possa partecipare ai vari corsi di formazione sulla protezione del bestiame. Per questo motivo ci assicuriamo che i centri di competenza siano distribuiti in modo uniforme all&#8217;interno della regione del progetto, ovvero Austria, Baviera e Alto Adige. I proprietari dei centri di competenza designati saranno coinvolti attivamente nei corsi di formazione sulla protezione del bestiame che si terranno nelle loro aziende. In questo modo, potranno imparare dagli esperti e, in ultima analisi, condurre i propri corsi di formazione e promuovere attivamente una protezione del bestiame efficace nella loro regione.    <\/p>\n\n<p>Abbiamo fatto grandi progressi anche su un altro fronte: i corsi per cani da fiuto organizzati da <a href=\"https:\/\/www.naturschutzhunde.at\" target=\"_blank\" rel=\"noreferrer noopener\">Naturschutzhunde<\/a> inizieranno presto! I programmi di studio sono stati ultimati e ora stiamo condividendo l&#8217;opportunit\u00e0 di formazione con le persone interessate. Mercoled\u00ec 3 marzo 2021 verrai informato sui dettagli della formazione in una riunione di coordinamento. Sei interessato anche tu? Abbiamo ancora alcuni posti disponibili per l&#8217;incontro (maggiori dettagli qui sotto).      <\/p>\n<p>[add_single_eventon id=&#8221;5110&#8243;]<\/p>\n\n<h3 class=\"wp-block-heading\" id=\"h-lifestockprotect-podcast-kommt-bald\">Podcast di LIFEstockProtect in arrivo<\/h3>\n\n<p>Il podcasting \u00e8 un mezzo che \u00e8 diventato molto popolare negli ultimi anni. \u00c8 un ottimo modo per condividere competenze e informazioni preziose in modo interattivo. Inoltre, \u00e8 possibile accedervi attraverso molti canali diversi, indipendentemente da dove ti trovi. Non sarebbe fantastico se potessi imparare qualcosa sulla protezione del bestiame mentre guidi, cucini o cammini? Lo pensiamo anche noi! Ecco perch\u00e9 il team di comunicazione di LIFEstockProtect sta sviluppando un concetto di podcast LIFEstockProtect. Vogliamo iniziare gi\u00e0 nell&#8217;estate del 2021. Come si dice nel mondo dei podcast: stay tuned!       <\/p>\n\n<h3 class=\"wp-block-heading\" id=\"h-a-ma-nahmen-fortschritte\">A Misura il progresso<\/h3>\n\n<p>Nell&#8217;ambito delle <a href=\"https:\/\/lifestockprotect.info\/de\/a-vorbereitende-massnahmen\/\">misure A4<\/a>, il team d&#8217;azione ha raccolto dati sui programmi di formazione per la protezione del bestiame esistenti nella regione del progetto. Questi dati saranno utilizzati per sviluppare i programmi di formazione del progetto. Ci baseremo sulle migliori pratiche dei corsi di formazione attuali e colmeremo le lacune nelle diverse regioni del progetto. \u00c8 interessante notare che la maggior parte delle formazioni \u00e8 stata trovata in Italia. Questa \u00e8 una buona indicazione del fatto che i corsi di formazione previsti apporteranno un grande valore aggiunto, soprattutto in Austria e Germania. I programmi dei prossimi corsi di formazione saranno sviluppati nei prossimi mesi sulla base delle informazioni raccolte.     <\/p>\n\n<p>A febbraio, tutti i partner hanno contribuito all&#8217;analisi degli stakeholder. Insieme abbiamo identificato centinaia di stakeholder nella regione del progetto che ora saranno coinvolti attivamente nel progetto. Questa analisi preliminare sar\u00e0 utilizzata per invitare le persone interessate a workshop tematici sugli stakeholder man mano che il progetto procede. Si tratta ovviamente di un processo dinamico, il che significa che il database degli stakeholder verr\u00e0 aggiornato regolarmente.     <\/p>\n\n<h3 class=\"wp-block-heading\" id=\"h-lifestockprotect-in-den-news-im-februar-2021\">LIFEstockProtect nelle notizie di febbraio 2021<\/h3>\n\n<p><strong>Podcast Land und Leben &#8211; das Magazin f\u00fcr Landwirtschaft<\/strong>: Interview mit Julia Stauder von Eurac Research<\/p>\n\n<figure class=\"wp-block-audio\"><audio controls=\"\" src=\"https:\/\/lifestockprotect.info\/wp-content\/uploads\/2021\/02\/21-02-21_Rai_Radio-Interview-Julia-Stauder.mp3\"><\/audio><\/figure>\n<p><a class=\"_df_thumb \"  href=\"#\"  data-slug=\"01-02-2021-bioland-journal\" data-_slug=\"01-02-2021-bioland-journal\" _slug=\"01-02-2021-bioland-journal\" data-title=\"01-02-2021-bioland-journal\" id=\"df_4797\" data-df-option=\"df_option_4797\" thumb=\"https:\/\/lifestockprotect.info\/wp-content\/uploads\/2021\/02\/Screenshot-2021-02-01-at-15.04.38.png\"  >01\/02\/2021 Bioland Journal<\/a><script class=\"df-shortcode-script\" nowprocket type=\"application\/javascript\">window.df_option_4797 = {\"source\":\"https:\\\/\\\/lifestockprotect.info\\\/wp-content\\\/uploads\\\/2021\\\/02\\\/28-01-2021_Weiden-in-schroffem-Gelande-Stefanie-Morbach.pdf\",\"outline\":[],\"autoEnableOutline\":false,\"autoEnableThumbnail\":false,\"overwritePDFOutline\":false,\"pageSize\":\"0\",\"direction\":\"1\",\"slug\":\"01-02-2021-bioland-journal\",\"wpOptions\":\"true\",\"id\":4797}; if(window.DFLIP && window.DFLIP.parseBooks){window.DFLIP.parseBooks();}<\/script> <a class=\"_df_thumb \"  href=\"#\"  data-slug=\"5112\" data-_slug=\"5112\" _slug=\"5112\" data-title=\"09-02-2021-kleine-zeitung\" id=\"df_5112\" data-df-option=\"df_option_5112\" thumb=\"https:\/\/lifestockprotect.info\/wp-content\/uploads\/2021\/02\/Screenshot-2021-02-12-at-15.29.35.png\"  >09\/02\/2021 Kleine Zeitung<\/a><script class=\"df-shortcode-script\" nowprocket type=\"application\/javascript\">window.df_option_5112 = {\"source\":\"https:\\\/\\\/lifestockprotect.info\\\/wp-content\\\/uploads\\\/2021\\\/02\\\/09-02-2021_Kleine-Zeitung_DEU_nice-print.pdf\",\"outline\":[],\"autoEnableOutline\":false,\"autoEnableThumbnail\":false,\"overwritePDFOutline\":false,\"pageSize\":\"0\",\"direction\":\"1\",\"slug\":\"5112\",\"wpOptions\":\"true\",\"id\":5112}; if(window.DFLIP && window.DFLIP.parseBooks){window.DFLIP.parseBooks();}<\/script> <a class=\"_df_thumb \"  href=\"#\"  data-slug=\"10-02-2021-eurac-research\" data-_slug=\"10-02-2021-eurac-research\" _slug=\"10-02-2021-eurac-research\" data-title=\"10-02-2021-eurac-research\" id=\"df_5174\" data-df-option=\"df_option_5174\" thumb=\"https:\/\/lifestockprotect.info\/wp-content\/uploads\/2021\/02\/Screenshot-2021-02-26-at-16.41.22.png\"  >10\/02\/2021 Eurac Research<\/a><script class=\"df-shortcode-script\" nowprocket type=\"application\/javascript\">window.df_option_5174 = {\"source\":\"https:\\\/\\\/lifestockprotect.info\\\/wp-content\\\/uploads\\\/2021\\\/02\\\/10-02-21_LIFEstockProtect-Herdenschutz-neu-interpretiert.pdf\",\"outline\":[],\"autoEnableOutline\":false,\"autoEnableThumbnail\":false,\"overwritePDFOutline\":false,\"pageSize\":\"0\",\"direction\":\"1\",\"slug\":\"10-02-2021-eurac-research\",\"wpOptions\":\"true\",\"id\":5174}; if(window.DFLIP && window.DFLIP.parseBooks){window.DFLIP.parseBooks();}<\/script> <a class=\"_df_thumb \"  href=\"#\"  data-slug=\"02-2021-osterreichische-hundezeitung\" data-_slug=\"02-2021-osterreichische-hundezeitung\" _slug=\"02-2021-osterreichische-hundezeitung\" data-title=\"02-2021-osterreichische-hundezeitung\" id=\"df_5188\" data-df-option=\"df_option_5188\" thumb=\"https:\/\/lifestockprotect.info\/wp-content\/uploads\/2021\/02\/Screenshot-2021-02-26-at-16.40.29.png\"  >02\/2021 \u00d6sterreichische Hundezeitung<\/a><script class=\"df-shortcode-script\" nowprocket type=\"application\/javascript\">window.df_option_5188 = {\"source\":\"https:\\\/\\\/lifestockprotect.info\\\/wp-content\\\/uploads\\\/2021\\\/02\\\/01-02-2020_O-Hundezeitung.pdf\",\"outline\":[],\"autoEnableOutline\":false,\"autoEnableThumbnail\":false,\"overwritePDFOutline\":false,\"pageSize\":\"0\",\"direction\":\"1\",\"slug\":\"02-2021-osterreichische-hundezeitung\",\"wpOptions\":\"true\",\"id\":5188}; if(window.DFLIP && window.DFLIP.parseBooks){window.DFLIP.parseBooks();}<\/script><\/p>\n","protected":false},"excerpt":{"rendered":"<p>Dopo la conferenza pubblica di apertura di fine gennaio e le numerose apparizioni sui media, molte persone interessate al progetto ci hanno contattato. Hanno<\/p>\n","protected":false},"author":1,"featured_media":0,"comment_status":"open","ping_status":"open","sticky":false,"template":"","format":"standard","meta":{"_uag_custom_page_level_css":"","ghostkit_customizer_options":"","ghostkit_custom_css":"","ghostkit_custom_js_head":"","ghostkit_custom_js_foot":"","ghostkit_typography":"","episode_type":"","audio_file":"","podmotor_file_id":"","podmotor_episode_id":"","cover_image":"","cover_image_id":"","duration":"","filesize":"","filesize_raw":"","date_recorded":"","explicit":"","block":"","itunes_episode_number":"","itunes_title":"","itunes_season_number":"","itunes_episode_type":"","jetpack_post_was_ever_published":false,"_jetpack_newsletter_access":"","_jetpack_dont_email_post_to_subs":false,"_jetpack_newsletter_tier_id":0,"_jetpack_memberships_contains_paywalled_content":false,"_jetpack_memberships_contains_paid_content":false,"footnotes":"","jetpack_publicize_message":"","jetpack_publicize_feature_enabled":true,"jetpack_social_post_already_shared":true,"jetpack_social_options":{"image_generator_settings":{"template":"highway","default_image_id":0,"font":"","enabled":false},"version":2}},"categories":[614],"tags":[617,714],"class_list":["post-5279","post","type-post","status-publish","format-standard","hentry","category-aggiornamento-del-progetto","tag-podcast-de-it","tag-scatdogs"],"yoast_head":"<!-- This site is optimized with the Yoast SEO Premium plugin v27.4 (Yoast SEO v27.4) - https:\/\/yoast.com\/product\/yoast-seo-premium-wordpress\/ -->\n<title>Aggiornamento sulle novit\u00e0 di febbraio 2021<\/title>\n<meta name=\"description\" content=\"Febbraio \u00e8 stato un mese breve ma positivo! I corsi di formazione sulla protezione delle greggi stanno prendendo forma e il team di comunicazione ha delle novit\u00e0 interessanti.\" \/>\n<meta name=\"robots\" content=\"index, follow, max-snippet:-1, max-image-preview:large, max-video-preview:-1\" \/>\n<link rel=\"canonical\" href=\"https:\/\/lifestockprotect.info\/it\/news-update-febbraio-2021\/\" \/>\n<meta property=\"og:locale\" content=\"it_IT\" \/>\n<meta property=\"og:type\" content=\"article\" \/>\n<meta property=\"og:title\" content=\"Aggiornamento sulle novit\u00e0 di febbraio 2021\" \/>\n<meta property=\"og:description\" content=\"Dopo la conferenza pubblica di apertura di fine gennaio e le numerose apparizioni sui media, molte persone interessate al progetto ci hanno contattato.\" \/>\n<meta property=\"og:url\" content=\"https:\/\/lifestockprotect.info\/it\/news-update-febbraio-2021\/\" \/>\n<meta property=\"og:site_name\" content=\"LIFEstockProtect: Herdenschutz \u00d6sterreich, Bayern und S\u00fcdtirol\" \/>\n<meta property=\"article:publisher\" content=\"https:\/\/www.facebook.com\/LIFEstockProtect\/\" \/>\n<meta property=\"article:published_time\" content=\"2021-03-02T14:16:47+00:00\" \/>\n<meta property=\"article:modified_time\" content=\"2025-09-09T13:58:00+00:00\" \/>\n<meta name=\"author\" content=\"Max Rossberg\" \/>\n<meta name=\"twitter:card\" content=\"summary_large_image\" \/>\n<meta name=\"twitter:creator\" content=\"@LIFEstockPro\" \/>\n<meta name=\"twitter:site\" content=\"@LIFEstockPro\" \/>\n<meta name=\"twitter:label1\" content=\"Scritto da\" \/>\n\t<meta name=\"twitter:data1\" content=\"Max Rossberg\" \/>\n\t<meta name=\"twitter:label2\" content=\"Tempo di lettura stimato\" \/>\n\t<meta name=\"twitter:data2\" content=\"4 minuti\" \/>\n<script type=\"application\/ld+json\" class=\"yoast-schema-graph\">{\"@context\":\"https:\\\/\\\/schema.org\",\"@graph\":[{\"@type\":\"Article\",\"@id\":\"https:\\\/\\\/lifestockprotect.info\\\/it\\\/news-update-febbraio-2021\\\/#article\",\"isPartOf\":{\"@id\":\"https:\\\/\\\/lifestockprotect.info\\\/it\\\/news-update-febbraio-2021\\\/\"},\"author\":{\"name\":\"Max Rossberg\",\"@id\":\"https:\\\/\\\/lifestockprotect.info\\\/it\\\/#\\\/schema\\\/person\\\/bbbc7996f50e49c3e42324ec72aa6fc3\"},\"headline\":\"Aggiornamento sulle novit\u00e0 di febbraio 2021\",\"datePublished\":\"2021-03-02T14:16:47+00:00\",\"dateModified\":\"2025-09-09T13:58:00+00:00\",\"mainEntityOfPage\":{\"@id\":\"https:\\\/\\\/lifestockprotect.info\\\/it\\\/news-update-febbraio-2021\\\/\"},\"wordCount\":737,\"commentCount\":0,\"publisher\":{\"@id\":\"https:\\\/\\\/lifestockprotect.info\\\/it\\\/#organization\"},\"keywords\":[\"Podcast\",\"Scatdogs\"],\"articleSection\":[\"Aggiornamento del progetto\"],\"inLanguage\":\"it-IT\",\"potentialAction\":[{\"@type\":\"CommentAction\",\"name\":\"Comment\",\"target\":[\"https:\\\/\\\/lifestockprotect.info\\\/it\\\/news-update-febbraio-2021\\\/#respond\"]}]},{\"@type\":\"WebPage\",\"@id\":\"https:\\\/\\\/lifestockprotect.info\\\/it\\\/news-update-febbraio-2021\\\/\",\"url\":\"https:\\\/\\\/lifestockprotect.info\\\/it\\\/news-update-febbraio-2021\\\/\",\"name\":\"Aggiornamento sulle novit\u00e0 di febbraio 2021\",\"isPartOf\":{\"@id\":\"https:\\\/\\\/lifestockprotect.info\\\/it\\\/#website\"},\"datePublished\":\"2021-03-02T14:16:47+00:00\",\"dateModified\":\"2025-09-09T13:58:00+00:00\",\"description\":\"Febbraio \u00e8 stato un mese breve ma positivo! I corsi di formazione sulla protezione delle greggi stanno prendendo forma e il team di comunicazione ha delle novit\u00e0 interessanti.\",\"breadcrumb\":{\"@id\":\"https:\\\/\\\/lifestockprotect.info\\\/it\\\/news-update-febbraio-2021\\\/#breadcrumb\"},\"inLanguage\":\"it-IT\",\"potentialAction\":[{\"@type\":\"ReadAction\",\"target\":[\"https:\\\/\\\/lifestockprotect.info\\\/it\\\/news-update-febbraio-2021\\\/\"]}]},{\"@type\":\"BreadcrumbList\",\"@id\":\"https:\\\/\\\/lifestockprotect.info\\\/it\\\/news-update-febbraio-2021\\\/#breadcrumb\",\"itemListElement\":[{\"@type\":\"ListItem\",\"position\":1,\"name\":\"Home\",\"item\":\"https:\\\/\\\/lifestockprotect.info\\\/it\\\/\"},{\"@type\":\"ListItem\",\"position\":2,\"name\":\"Aggiornamento sulle novit\u00e0 di febbraio 2021\"}]},{\"@type\":\"WebSite\",\"@id\":\"https:\\\/\\\/lifestockprotect.info\\\/it\\\/#website\",\"url\":\"https:\\\/\\\/lifestockprotect.info\\\/it\\\/\",\"name\":\"LIFEstockProtect: Herdenschutz in den Alpen\",\"description\":\"Livestock Protection in Austria, Bavaria and South Tyrol - Protezione delle greggi in Austria, Bavaria e Alto Adige\",\"publisher\":{\"@id\":\"https:\\\/\\\/lifestockprotect.info\\\/it\\\/#organization\"},\"alternateName\":\"LIFEstockProtect\",\"potentialAction\":[{\"@type\":\"SearchAction\",\"target\":{\"@type\":\"EntryPoint\",\"urlTemplate\":\"https:\\\/\\\/lifestockprotect.info\\\/it\\\/?s={search_term_string}\"},\"query-input\":{\"@type\":\"PropertyValueSpecification\",\"valueRequired\":true,\"valueName\":\"search_term_string\"}}],\"inLanguage\":\"it-IT\"},{\"@type\":\"Organization\",\"@id\":\"https:\\\/\\\/lifestockprotect.info\\\/it\\\/#organization\",\"name\":\"LIFEstockProtect\",\"url\":\"https:\\\/\\\/lifestockprotect.info\\\/it\\\/\",\"logo\":{\"@type\":\"ImageObject\",\"inLanguage\":\"it-IT\",\"@id\":\"https:\\\/\\\/lifestockprotect.info\\\/it\\\/#\\\/schema\\\/logo\\\/image\\\/\",\"url\":\"https:\\\/\\\/lifestockprotect.info\\\/wp-content\\\/uploads\\\/2020\\\/10\\\/cropped-LSP_Logos_FB_INSTA-1-scaled-1.jpg\",\"contentUrl\":\"https:\\\/\\\/lifestockprotect.info\\\/wp-content\\\/uploads\\\/2020\\\/10\\\/cropped-LSP_Logos_FB_INSTA-1-scaled-1.jpg\",\"width\":512,\"height\":512,\"caption\":\"LIFEstockProtect\"},\"image\":{\"@id\":\"https:\\\/\\\/lifestockprotect.info\\\/it\\\/#\\\/schema\\\/logo\\\/image\\\/\"},\"sameAs\":[\"https:\\\/\\\/www.facebook.com\\\/LIFEstockProtect\\\/\",\"https:\\\/\\\/x.com\\\/LIFEstockPro\",\"https:\\\/\\\/www.instagram.com\\\/lifestockprotect\\\/\",\"https:\\\/\\\/youtube.com\\\/channel\\\/UCSRgL8vNTdjDRcErW9NvoHw\"],\"description\":\"Livestock protection in the Alps\",\"email\":\"info@lifestockprotect.info\",\"legalName\":\"LIFEstockProtect\",\"foundingDate\":\"2020-09-01\",\"numberOfEmployees\":{\"@type\":\"QuantitativeValue\",\"value\":\"19\"}},{\"@type\":\"Person\",\"@id\":\"https:\\\/\\\/lifestockprotect.info\\\/it\\\/#\\\/schema\\\/person\\\/bbbc7996f50e49c3e42324ec72aa6fc3\",\"name\":\"Max Rossberg\",\"url\":\"https:\\\/\\\/lifestockprotect.info\\\/it\\\/author\\\/max\\\/\"}]}<\/script>\n<!-- \/ Yoast SEO Premium plugin. -->","yoast_head_json":{"title":"Aggiornamento sulle novit\u00e0 di febbraio 2021","description":"Febbraio \u00e8 stato un mese breve ma positivo! I corsi di formazione sulla protezione delle greggi stanno prendendo forma e il team di comunicazione ha delle novit\u00e0 interessanti.","robots":{"index":"index","follow":"follow","max-snippet":"max-snippet:-1","max-image-preview":"max-image-preview:large","max-video-preview":"max-video-preview:-1"},"canonical":"https:\/\/lifestockprotect.info\/it\/news-update-febbraio-2021\/","og_locale":"it_IT","og_type":"article","og_title":"Aggiornamento sulle novit\u00e0 di febbraio 2021","og_description":"Dopo la conferenza pubblica di apertura di fine gennaio e le numerose apparizioni sui media, molte persone interessate al progetto ci hanno contattato.","og_url":"https:\/\/lifestockprotect.info\/it\/news-update-febbraio-2021\/","og_site_name":"LIFEstockProtect: Herdenschutz \u00d6sterreich, Bayern und S\u00fcdtirol","article_publisher":"https:\/\/www.facebook.com\/LIFEstockProtect\/","article_published_time":"2021-03-02T14:16:47+00:00","article_modified_time":"2025-09-09T13:58:00+00:00","author":"Max Rossberg","twitter_card":"summary_large_image","twitter_creator":"@LIFEstockPro","twitter_site":"@LIFEstockPro","twitter_misc":{"Scritto da":"Max Rossberg","Tempo di lettura stimato":"4 minuti"},"schema":{"@context":"https:\/\/schema.org","@graph":[{"@type":"Article","@id":"https:\/\/lifestockprotect.info\/it\/news-update-febbraio-2021\/#article","isPartOf":{"@id":"https:\/\/lifestockprotect.info\/it\/news-update-febbraio-2021\/"},"author":{"name":"Max Rossberg","@id":"https:\/\/lifestockprotect.info\/it\/#\/schema\/person\/bbbc7996f50e49c3e42324ec72aa6fc3"},"headline":"Aggiornamento sulle novit\u00e0 di febbraio 2021","datePublished":"2021-03-02T14:16:47+00:00","dateModified":"2025-09-09T13:58:00+00:00","mainEntityOfPage":{"@id":"https:\/\/lifestockprotect.info\/it\/news-update-febbraio-2021\/"},"wordCount":737,"commentCount":0,"publisher":{"@id":"https:\/\/lifestockprotect.info\/it\/#organization"},"keywords":["Podcast","Scatdogs"],"articleSection":["Aggiornamento del progetto"],"inLanguage":"it-IT","potentialAction":[{"@type":"CommentAction","name":"Comment","target":["https:\/\/lifestockprotect.info\/it\/news-update-febbraio-2021\/#respond"]}]},{"@type":"WebPage","@id":"https:\/\/lifestockprotect.info\/it\/news-update-febbraio-2021\/","url":"https:\/\/lifestockprotect.info\/it\/news-update-febbraio-2021\/","name":"Aggiornamento sulle novit\u00e0 di febbraio 2021","isPartOf":{"@id":"https:\/\/lifestockprotect.info\/it\/#website"},"datePublished":"2021-03-02T14:16:47+00:00","dateModified":"2025-09-09T13:58:00+00:00","description":"Febbraio \u00e8 stato un mese breve ma positivo! I corsi di formazione sulla protezione delle greggi stanno prendendo forma e il team di comunicazione ha delle novit\u00e0 interessanti.","breadcrumb":{"@id":"https:\/\/lifestockprotect.info\/it\/news-update-febbraio-2021\/#breadcrumb"},"inLanguage":"it-IT","potentialAction":[{"@type":"ReadAction","target":["https:\/\/lifestockprotect.info\/it\/news-update-febbraio-2021\/"]}]},{"@type":"BreadcrumbList","@id":"https:\/\/lifestockprotect.info\/it\/news-update-febbraio-2021\/#breadcrumb","itemListElement":[{"@type":"ListItem","position":1,"name":"Home","item":"https:\/\/lifestockprotect.info\/it\/"},{"@type":"ListItem","position":2,"name":"Aggiornamento sulle novit\u00e0 di febbraio 2021"}]},{"@type":"WebSite","@id":"https:\/\/lifestockprotect.info\/it\/#website","url":"https:\/\/lifestockprotect.info\/it\/","name":"LIFEstockProtect: Herdenschutz in den Alpen","description":"Livestock Protection in Austria, Bavaria and South Tyrol - Protezione delle greggi in Austria, Bavaria e Alto Adige","publisher":{"@id":"https:\/\/lifestockprotect.info\/it\/#organization"},"alternateName":"LIFEstockProtect","potentialAction":[{"@type":"SearchAction","target":{"@type":"EntryPoint","urlTemplate":"https:\/\/lifestockprotect.info\/it\/?s={search_term_string}"},"query-input":{"@type":"PropertyValueSpecification","valueRequired":true,"valueName":"search_term_string"}}],"inLanguage":"it-IT"},{"@type":"Organization","@id":"https:\/\/lifestockprotect.info\/it\/#organization","name":"LIFEstockProtect","url":"https:\/\/lifestockprotect.info\/it\/","logo":{"@type":"ImageObject","inLanguage":"it-IT","@id":"https:\/\/lifestockprotect.info\/it\/#\/schema\/logo\/image\/","url":"https:\/\/lifestockprotect.info\/wp-content\/uploads\/2020\/10\/cropped-LSP_Logos_FB_INSTA-1-scaled-1.jpg","contentUrl":"https:\/\/lifestockprotect.info\/wp-content\/uploads\/2020\/10\/cropped-LSP_Logos_FB_INSTA-1-scaled-1.jpg","width":512,"height":512,"caption":"LIFEstockProtect"},"image":{"@id":"https:\/\/lifestockprotect.info\/it\/#\/schema\/logo\/image\/"},"sameAs":["https:\/\/www.facebook.com\/LIFEstockProtect\/","https:\/\/x.com\/LIFEstockPro","https:\/\/www.instagram.com\/lifestockprotect\/","https:\/\/youtube.com\/channel\/UCSRgL8vNTdjDRcErW9NvoHw"],"description":"Livestock protection in the Alps","email":"info@lifestockprotect.info","legalName":"LIFEstockProtect","foundingDate":"2020-09-01","numberOfEmployees":{"@type":"QuantitativeValue","value":"19"}},{"@type":"Person","@id":"https:\/\/lifestockprotect.info\/it\/#\/schema\/person\/bbbc7996f50e49c3e42324ec72aa6fc3","name":"Max Rossberg","url":"https:\/\/lifestockprotect.info\/it\/author\/max\/"}]}},"jetpack_publicize_connections":[],"jetpack_featured_media_url":"","uagb_featured_image_src":{"full":false,"thumbnail":false,"medium":false,"medium_large":false,"large":false,"1536x1536":false,"2048x2048":false,"colornews-big-slider":false,"colornews-big-slider-thumb":false,"colornews-featured-post-medium":false,"colornews-featured-post-small":false,"colornews-random-posts":false,"colornews-featured-image":false,"swift_performance_lazyload":false},"uagb_author_info":{"display_name":"Max Rossberg","author_link":"https:\/\/lifestockprotect.info\/it\/author\/max\/"},"uagb_comment_info":0,"uagb_excerpt":"Dopo la conferenza pubblica di apertura di fine gennaio e le numerose apparizioni sui media, molte persone interessate al progetto ci hanno contattato. Hanno","jetpack_likes_enabled":true,"jetpack_sharing_enabled":true,"_links":{"self":[{"href":"https:\/\/lifestockprotect.info\/it\/wp-json\/wp\/v2\/posts\/5279","targetHints":{"allow":["GET"]}}],"collection":[{"href":"https:\/\/lifestockprotect.info\/it\/wp-json\/wp\/v2\/posts"}],"about":[{"href":"https:\/\/lifestockprotect.info\/it\/wp-json\/wp\/v2\/types\/post"}],"author":[{"embeddable":true,"href":"https:\/\/lifestockprotect.info\/it\/wp-json\/wp\/v2\/users\/1"}],"replies":[{"embeddable":true,"href":"https:\/\/lifestockprotect.info\/it\/wp-json\/wp\/v2\/comments?post=5279"}],"version-history":[{"count":0,"href":"https:\/\/lifestockprotect.info\/it\/wp-json\/wp\/v2\/posts\/5279\/revisions"}],"wp:attachment":[{"href":"https:\/\/lifestockprotect.info\/it\/wp-json\/wp\/v2\/media?parent=5279"}],"wp:term":[{"taxonomy":"category","embeddable":true,"href":"https:\/\/lifestockprotect.info\/it\/wp-json\/wp\/v2\/categories?post=5279"},{"taxonomy":"post_tag","embeddable":true,"href":"https:\/\/lifestockprotect.info\/it\/wp-json\/wp\/v2\/tags?post=5279"}],"curies":[{"name":"wp","href":"https:\/\/api.w.org\/{rel}","templated":true}]}}